{"id":153,"date":"2014-03-03T16:04:32","date_gmt":"2014-03-03T16:04:32","guid":{"rendered":"http:\/\/www.mariabueno.org\/?p=153"},"modified":"2014-04-13T16:43:09","modified_gmt":"2014-04-13T16:43:09","slug":"brasil-open-sao-paulo-3-march-2014","status":"publish","type":"post","link":"http:\/\/www.mariabueno.org\/indextemp.php\/brasil-open-sao-paulo-3-march-2014\/","title":{"rendered":"BRASIL OPEN"},"content":{"rendered":"<p>S\u00e3o Paulo, <em>3 March 2014<\/em><\/p>\n<div id=\"attachment_160\" style=\"width: 160px\" class=\"wp-caption alignright\"><a href=\"http:\/\/www.mariabueno.org\/wp-content\/uploads\/2014\/03\/Maria-Esther-Bueno-4.jpg\"><img loading=\"lazy\" decoding=\"async\" aria-describedby=\"caption-attachment-160\" class=\"wp-image-160  \" title=\"Maria Bueno courtside\" alt=\"Maria Bueno courtside\" src=\"http:\/\/www.mariabueno.org\/wp-content\/uploads\/2014\/03\/Maria-Esther-Bueno-4-150x150.jpg\" width=\"150\" height=\"150\" \/><\/a><p id=\"caption-attachment-160\" class=\"wp-caption-text\">Maria Bueno courtside<\/p><\/div>\n<p>Maria is having another busy week. Hot on the heels of the Rio Open last week is the Brasil Open in her home town of S\u00e3o Paulo.<\/p>\n<p>\u201cThere wasn\u2019t\u00a0any real recovery time,\u201d admitted Maria. \u201cI just about managed to get some laundry done before getting into things here\u2026\u201d<\/p>\n<h1>From clay outdoors to indoors<\/h1>\n<div id=\"attachment_157\" style=\"width: 160px\" class=\"wp-caption alignleft\"><a href=\"http:\/\/www.mariabueno.org\/wp-content\/uploads\/2014\/03\/2dcc166d-2b79-4e6e-add0-07858265c988.png\"><img loading=\"lazy\" decoding=\"async\" aria-describedby=\"caption-attachment-157\" class=\"size-thumbnail wp-image-157 \" title=\"Brasil Open 2014 logo\" alt=\"Brasil Open 2014 logo\" src=\"http:\/\/www.mariabueno.org\/wp-content\/uploads\/2014\/03\/2dcc166d-2b79-4e6e-add0-07858265c988-150x150.png\" width=\"150\" height=\"150\" srcset=\"http:\/\/www.mariabueno.org\/wp-content\/uploads\/2014\/03\/2dcc166d-2b79-4e6e-add0-07858265c988-150x150.png 150w, http:\/\/www.mariabueno.org\/wp-content\/uploads\/2014\/03\/2dcc166d-2b79-4e6e-add0-07858265c988.png 252w\" sizes=\"auto, (max-width: 150px) 100vw, 150px\" \/><\/a><p id=\"caption-attachment-157\" class=\"wp-caption-text\">Brasil Open 2014 logo<\/p><\/div>\n<p>After 11 successful years in Costa do Sauipe, the Brasil Open moved in 2012 to S\u00e3o Paulo, where it was first played at the Complexo Desportivo Const\u00e2ncio Vaz Guimar\u00e3es.<\/p>\n<p>The ATP World Tour 250 clay-court tournament also moved from outdoors to indoors due to regular wet weather in Sao Paulo in February.<\/p>\n<p>It is now being held at Gin\u00e1sio do Ibirapuera where local favourite Thomaz Bellucci reached the semi-finals before losing to Argentina\u2019s Federico Delbonis, who ousted Nicholas Almagro in the second round.<\/p>\n<h2>Wild card<\/h2>\n<div id=\"attachment_158\" style=\"width: 160px\" class=\"wp-caption alignright\"><a href=\"http:\/\/www.mariabueno.org\/wp-content\/uploads\/2014\/03\/Bellucci.png\"><img loading=\"lazy\" decoding=\"async\" aria-describedby=\"caption-attachment-158\" class=\"size-thumbnail wp-image-158\" alt=\"Thomaz Bellucci\" src=\"http:\/\/www.mariabueno.org\/wp-content\/uploads\/2014\/03\/Bellucci-150x150.png\" width=\"150\" height=\"150\" \/><\/a><p id=\"caption-attachment-158\" class=\"wp-caption-text\">Thomaz Bellucci<\/p><\/div>\n<p>\u201cThomaz got a wild card for the tournament and made very good use of his chances,\u201d said Maria. \u201cHe should now get back into the top 100 as a result of his two good runs in Brazil.\u201d<\/p>\n<p>Top-seeded Tommy Haas had to retire with a shoulder injury while losing 6-3 3-2, to Paolo Lorenzi in the other semi final, saying he felt a lot of pain in his right shoulder when he slammed his racket to the ground in frustration after losing his serve at 3-3 in the first set.<\/p>\n<p>He kept playing despite needing medical treatment several times, but gave up after going down another break in the second set.<\/p>\n<p>\u201cIt was unfortunate because he really didn\u2019t need to let his frustrations out that way,\u201d noted Maria. \u201cThere\u2019s a lesson in there somewhere, although I do know how it is to be temperamental on the court!\u201d<\/p>\n<h2>Hitting with Renan<\/h2>\n<div id=\"attachment_161\" style=\"width: 160px\" class=\"wp-caption alignleft\"><a href=\"http:\/\/www.mariabueno.org\/wp-content\/uploads\/2014\/03\/Maria-Esther-Bueno-1.jpg\"><img loading=\"lazy\" decoding=\"async\" aria-describedby=\"caption-attachment-161\" class=\"size-thumbnail wp-image-161 \" alt=\"Maria Bueno and Renan Hanayma\" src=\"http:\/\/www.mariabueno.org\/wp-content\/uploads\/2014\/03\/Maria-Esther-Bueno-1-150x150.jpg\" width=\"150\" height=\"150\" \/><\/a><p id=\"caption-attachment-161\" class=\"wp-caption-text\">Maria Bueno and Renan Hanayma<\/p><\/div>\n<p>Maria enjoyed hitting with Renan Hanayma, who is 17 years old and one of the best juniors in Brazil.<\/p>\n<p>He lost in qualifying for the ATP tournament and opted out of competing in the junior championships at the Australian Open because he is studying to go to Harvard.<\/p>\n<p>\u201cThe tournament made quite a thing about it, sending a car to pick us up and arranging for the TV to make a small feature of it,\u201d said Maria. \u201cIt was fun!\u201d<\/p>\n<p>Renan\u2019s mother told Maria that she was an idol of her son\u2019s and that to have the chance to hit with her at Ibirapuera was a dream come true.<\/p>\n<p>\u201cWe hit together unbelievably well and both of us enjoyed it,\u201d said Maria. \u201cI think we\u2019ll be hitting some more over the coming weeks, which will be great.<\/p>\n<h2>A success<\/h2>\n<p>\u201cI\u2019m not sure what I\u2019ll do with myself once this is all over. It will be back to the daily routine, I suppose, until I start travelling again.<\/p>\n<p>\u201cIt has been really great having the tennis here in Brazil as it has lifted the profile of the sport ahead of the Olympics in 2016.<\/p>\n<p>\u201cIt\u2019s also been good to see our Brazilian players doing so well too, so, all in all, it has all been a great success.\u201d<\/p>\n<div id=\"attachment_159\" style=\"width: 160px\" class=\"wp-caption alignright\"><a href=\"http:\/\/www.mariabueno.org\/wp-content\/uploads\/2014\/03\/Federico-Delbonis.png\"><img loading=\"lazy\" decoding=\"async\" aria-describedby=\"caption-attachment-159\" class=\"size-thumbnail wp-image-159\" alt=\"Federico Delbonis\" src=\"http:\/\/www.mariabueno.org\/wp-content\/uploads\/2014\/03\/Federico-Delbonis-150x150.png\" width=\"150\" height=\"150\" \/><\/a><p id=\"caption-attachment-159\" class=\"wp-caption-text\">Federico Delbonis<\/p><\/div>\n<p>At the last it was Federico Delbonis, ranked 61 in the world, who took the honours at the Brasil Open on Sunday with a three-set success over Italy\u2019s Paolo Lorenzi.<\/p>\n<p>Delbonis, 23, beat his 114th-ranked rival 4-6 6-3 6-4 to capture his first ATP Tour crown.<\/p>\n<p>The win saw him fulfil some of the potential he had shown in beating Roger Federer in the Hamburg semi-finals as a qualifier last July.<\/p>\n<p>\u201cIt was a\u00a0 close match, a little over two hours on court,\u201d \u00a0said Maria. \u201cAnd not clear until the end who would win.<\/p>\n<p>\u201cFederico will now be ranked around 45 so this has been a vary good week for him.\u201d<\/p>\n<h2>Great SporTV Crew<\/h2>\n<p>Maria commentated for SporTV all week and, once again,\u00a0showed appreciation for the whole team, who worked long hours to make the transmissions as seamless and as enjoyable as possible.<\/p>\n<p>\u201cThey are a great team and it, as always, we\u2019ve had a good time working together,\u201d she said. \u201cIt gets a bit tense at times, because we are live on air and things don\u2019t always go to plan but we help each other out and have a good laugh!<\/p>\n<p>\u201cUntil the next time, crew! I look forward to it!\u201d<\/p>\n","protected":false},"excerpt":{"rendered":"<p>S\u00e3o Paulo, 3 March 2014 Maria is having another busy week. Hot on the heels of the Rio Open last week is the Brasil Open in her home town of S\u00e3o Paulo. \u201cThere wasn\u2019t\u00a0any real recovery time,\u201d admitted Maria. \u201cI&hellip;<\/p>\n<p class=\"more-link-p\"><a class=\"more-link\" href=\"http:\/\/www.mariabueno.org\/indextemp.php\/brasil-open-sao-paulo-3-march-2014\/\">Read more &rarr;<\/a><\/p>\n","protected":false},"author":1,"featured_media":0,"comment_status":"closed","ping_status":"closed","sticky":false,"template":"","format":"standard","meta":{"footnotes":""},"categories":[4],"tags":[9],"class_list":["post-153","post","type-post","status-publish","format-standard","hentry","category-news","tag-blog"],"yoast_head":"<!-- This site is optimized with the Yoast SEO plugin v27.5 - https:\/\/yoast.com\/product\/yoast-seo-wordpress\/ -->\n<title>BRASIL OPEN - Maria Esther Bueno<\/title>\n<meta name=\"robots\" content=\"index, follow, max-snippet:-1, max-image-preview:large, max-video-preview:-1\" \/>\n<link rel=\"canonical\" href=\"http:\/\/www.mariabueno.org\/indextemp.php\/brasil-open-sao-paulo-3-march-2014\/\" \/>\n<meta property=\"og:locale\" content=\"en_GB\" \/>\n<meta property=\"og:type\" content=\"article\" \/>\n<meta property=\"og:title\" content=\"BRASIL OPEN - Maria Esther Bueno\" \/>\n<meta property=\"og:description\" content=\"S\u00e3o Paulo, 3 March 2014 Maria is having another busy week. Hot on the heels of the Rio Open last week is the Brasil Open in her home town of S\u00e3o Paulo. \u201cThere wasn\u2019t\u00a0any real recovery time,\u201d admitted Maria. \u201cI&hellip;Read more &rarr;\" \/>\n<meta property=\"og:url\" content=\"http:\/\/www.mariabueno.org\/indextemp.php\/brasil-open-sao-paulo-3-march-2014\/\" \/>\n<meta property=\"og:site_name\" content=\"Maria Esther Bueno\" \/>\n<meta property=\"article:published_time\" content=\"2014-03-03T16:04:32+00:00\" \/>\n<meta property=\"article:modified_time\" content=\"2014-04-13T16:43:09+00:00\" \/>\n<meta property=\"og:image\" content=\"http:\/\/www.mariabueno.org\/wp-content\/uploads\/2014\/03\/Maria-Esther-Bueno-4-150x150.jpg\" \/>\n<meta name=\"author\" content=\"admin\" \/>\n<meta name=\"twitter:label1\" content=\"Written by\" \/>\n\t<meta name=\"twitter:data1\" content=\"admin\" \/>\n\t<meta name=\"twitter:label2\" content=\"Estimated reading time\" \/>\n\t<meta name=\"twitter:data2\" content=\"4 minutes\" \/>\n<script type=\"application\/ld+json\" class=\"yoast-schema-graph\">{\"@context\":\"https:\\\/\\\/schema.org\",\"@graph\":[{\"@type\":\"Article\",\"@id\":\"http:\\\/\\\/www.mariabueno.org\\\/indextemp.php\\\/brasil-open-sao-paulo-3-march-2014\\\/#article\",\"isPartOf\":{\"@id\":\"http:\\\/\\\/www.mariabueno.org\\\/indextemp.php\\\/brasil-open-sao-paulo-3-march-2014\\\/\"},\"author\":{\"name\":\"admin\",\"@id\":\"http:\\\/\\\/www.mariabueno.org\\\/indextemp.php\\\/#\\\/schema\\\/person\\\/bba527f44c7235399d1c649b72392bb0\"},\"headline\":\"BRASIL OPEN\",\"datePublished\":\"2014-03-03T16:04:32+00:00\",\"dateModified\":\"2014-04-13T16:43:09+00:00\",\"mainEntityOfPage\":{\"@id\":\"http:\\\/\\\/www.mariabueno.org\\\/indextemp.php\\\/brasil-open-sao-paulo-3-march-2014\\\/\"},\"wordCount\":774,\"image\":{\"@id\":\"http:\\\/\\\/www.mariabueno.org\\\/indextemp.php\\\/brasil-open-sao-paulo-3-march-2014\\\/#primaryimage\"},\"thumbnailUrl\":\"http:\\\/\\\/www.mariabueno.org\\\/wp-content\\\/uploads\\\/2014\\\/03\\\/Maria-Esther-Bueno-4-150x150.jpg\",\"keywords\":[\"Blog\"],\"articleSection\":[\"News\"],\"inLanguage\":\"en-GB\"},{\"@type\":\"WebPage\",\"@id\":\"http:\\\/\\\/www.mariabueno.org\\\/indextemp.php\\\/brasil-open-sao-paulo-3-march-2014\\\/\",\"url\":\"http:\\\/\\\/www.mariabueno.org\\\/indextemp.php\\\/brasil-open-sao-paulo-3-march-2014\\\/\",\"name\":\"BRASIL OPEN - Maria Esther Bueno\",\"isPartOf\":{\"@id\":\"http:\\\/\\\/www.mariabueno.org\\\/indextemp.php\\\/#website\"},\"primaryImageOfPage\":{\"@id\":\"http:\\\/\\\/www.mariabueno.org\\\/indextemp.php\\\/brasil-open-sao-paulo-3-march-2014\\\/#primaryimage\"},\"image\":{\"@id\":\"http:\\\/\\\/www.mariabueno.org\\\/indextemp.php\\\/brasil-open-sao-paulo-3-march-2014\\\/#primaryimage\"},\"thumbnailUrl\":\"http:\\\/\\\/www.mariabueno.org\\\/wp-content\\\/uploads\\\/2014\\\/03\\\/Maria-Esther-Bueno-4-150x150.jpg\",\"datePublished\":\"2014-03-03T16:04:32+00:00\",\"dateModified\":\"2014-04-13T16:43:09+00:00\",\"author\":{\"@id\":\"http:\\\/\\\/www.mariabueno.org\\\/indextemp.php\\\/#\\\/schema\\\/person\\\/bba527f44c7235399d1c649b72392bb0\"},\"breadcrumb\":{\"@id\":\"http:\\\/\\\/www.mariabueno.org\\\/indextemp.php\\\/brasil-open-sao-paulo-3-march-2014\\\/#breadcrumb\"},\"inLanguage\":\"en-GB\",\"potentialAction\":[{\"@type\":\"ReadAction\",\"target\":[\"http:\\\/\\\/www.mariabueno.org\\\/indextemp.php\\\/brasil-open-sao-paulo-3-march-2014\\\/\"]}]},{\"@type\":\"ImageObject\",\"inLanguage\":\"en-GB\",\"@id\":\"http:\\\/\\\/www.mariabueno.org\\\/indextemp.php\\\/brasil-open-sao-paulo-3-march-2014\\\/#primaryimage\",\"url\":\"http:\\\/\\\/www.mariabueno.org\\\/wp-content\\\/uploads\\\/2014\\\/03\\\/Maria-Esther-Bueno-4-150x150.jpg\",\"contentUrl\":\"http:\\\/\\\/www.mariabueno.org\\\/wp-content\\\/uploads\\\/2014\\\/03\\\/Maria-Esther-Bueno-4-150x150.jpg\"},{\"@type\":\"BreadcrumbList\",\"@id\":\"http:\\\/\\\/www.mariabueno.org\\\/indextemp.php\\\/brasil-open-sao-paulo-3-march-2014\\\/#breadcrumb\",\"itemListElement\":[{\"@type\":\"ListItem\",\"position\":1,\"name\":\"Home\",\"item\":\"http:\\\/\\\/www.mariabueno.org\\\/indextemp.php\\\/\"},{\"@type\":\"ListItem\",\"position\":2,\"name\":\"BRASIL OPEN\"}]},{\"@type\":\"WebSite\",\"@id\":\"http:\\\/\\\/www.mariabueno.org\\\/indextemp.php\\\/#website\",\"url\":\"http:\\\/\\\/www.mariabueno.org\\\/indextemp.php\\\/\",\"name\":\"Maria Esther Bueno\",\"description\":\"Legendary Tennis Champion\",\"potentialAction\":[{\"@type\":\"SearchAction\",\"target\":{\"@type\":\"EntryPoint\",\"urlTemplate\":\"http:\\\/\\\/www.mariabueno.org\\\/indextemp.php\\\/?s={search_term_string}\"},\"query-input\":{\"@type\":\"PropertyValueSpecification\",\"valueRequired\":true,\"valueName\":\"search_term_string\"}}],\"inLanguage\":\"en-GB\"},{\"@type\":\"Person\",\"@id\":\"http:\\\/\\\/www.mariabueno.org\\\/indextemp.php\\\/#\\\/schema\\\/person\\\/bba527f44c7235399d1c649b72392bb0\",\"name\":\"admin\",\"url\":\"http:\\\/\\\/www.mariabueno.org\\\/indextemp.php\\\/author\\\/admin\\\/\"}]}<\/script>\n<!-- \/ Yoast SEO plugin. -->","yoast_head_json":{"title":"BRASIL OPEN - Maria Esther Bueno","robots":{"index":"index","follow":"follow","max-snippet":"max-snippet:-1","max-image-preview":"max-image-preview:large","max-video-preview":"max-video-preview:-1"},"canonical":"http:\/\/www.mariabueno.org\/indextemp.php\/brasil-open-sao-paulo-3-march-2014\/","og_locale":"en_GB","og_type":"article","og_title":"BRASIL OPEN - Maria Esther Bueno","og_description":"S\u00e3o Paulo, 3 March 2014 Maria is having another busy week. Hot on the heels of the Rio Open last week is the Brasil Open in her home town of S\u00e3o Paulo. \u201cThere wasn\u2019t\u00a0any real recovery time,\u201d admitted Maria. \u201cI&hellip;Read more &rarr;","og_url":"http:\/\/www.mariabueno.org\/indextemp.php\/brasil-open-sao-paulo-3-march-2014\/","og_site_name":"Maria Esther Bueno","article_published_time":"2014-03-03T16:04:32+00:00","article_modified_time":"2014-04-13T16:43:09+00:00","og_image":[{"url":"http:\/\/www.mariabueno.org\/wp-content\/uploads\/2014\/03\/Maria-Esther-Bueno-4-150x150.jpg","type":"","width":"","height":""}],"author":"admin","twitter_misc":{"Written by":"admin","Estimated reading time":"4 minutes"},"schema":{"@context":"https:\/\/schema.org","@graph":[{"@type":"Article","@id":"http:\/\/www.mariabueno.org\/indextemp.php\/brasil-open-sao-paulo-3-march-2014\/#article","isPartOf":{"@id":"http:\/\/www.mariabueno.org\/indextemp.php\/brasil-open-sao-paulo-3-march-2014\/"},"author":{"name":"admin","@id":"http:\/\/www.mariabueno.org\/indextemp.php\/#\/schema\/person\/bba527f44c7235399d1c649b72392bb0"},"headline":"BRASIL OPEN","datePublished":"2014-03-03T16:04:32+00:00","dateModified":"2014-04-13T16:43:09+00:00","mainEntityOfPage":{"@id":"http:\/\/www.mariabueno.org\/indextemp.php\/brasil-open-sao-paulo-3-march-2014\/"},"wordCount":774,"image":{"@id":"http:\/\/www.mariabueno.org\/indextemp.php\/brasil-open-sao-paulo-3-march-2014\/#primaryimage"},"thumbnailUrl":"http:\/\/www.mariabueno.org\/wp-content\/uploads\/2014\/03\/Maria-Esther-Bueno-4-150x150.jpg","keywords":["Blog"],"articleSection":["News"],"inLanguage":"en-GB"},{"@type":"WebPage","@id":"http:\/\/www.mariabueno.org\/indextemp.php\/brasil-open-sao-paulo-3-march-2014\/","url":"http:\/\/www.mariabueno.org\/indextemp.php\/brasil-open-sao-paulo-3-march-2014\/","name":"BRASIL OPEN - Maria Esther Bueno","isPartOf":{"@id":"http:\/\/www.mariabueno.org\/indextemp.php\/#website"},"primaryImageOfPage":{"@id":"http:\/\/www.mariabueno.org\/indextemp.php\/brasil-open-sao-paulo-3-march-2014\/#primaryimage"},"image":{"@id":"http:\/\/www.mariabueno.org\/indextemp.php\/brasil-open-sao-paulo-3-march-2014\/#primaryimage"},"thumbnailUrl":"http:\/\/www.mariabueno.org\/wp-content\/uploads\/2014\/03\/Maria-Esther-Bueno-4-150x150.jpg","datePublished":"2014-03-03T16:04:32+00:00","dateModified":"2014-04-13T16:43:09+00:00","author":{"@id":"http:\/\/www.mariabueno.org\/indextemp.php\/#\/schema\/person\/bba527f44c7235399d1c649b72392bb0"},"breadcrumb":{"@id":"http:\/\/www.mariabueno.org\/indextemp.php\/brasil-open-sao-paulo-3-march-2014\/#breadcrumb"},"inLanguage":"en-GB","potentialAction":[{"@type":"ReadAction","target":["http:\/\/www.mariabueno.org\/indextemp.php\/brasil-open-sao-paulo-3-march-2014\/"]}]},{"@type":"ImageObject","inLanguage":"en-GB","@id":"http:\/\/www.mariabueno.org\/indextemp.php\/brasil-open-sao-paulo-3-march-2014\/#primaryimage","url":"http:\/\/www.mariabueno.org\/wp-content\/uploads\/2014\/03\/Maria-Esther-Bueno-4-150x150.jpg","contentUrl":"http:\/\/www.mariabueno.org\/wp-content\/uploads\/2014\/03\/Maria-Esther-Bueno-4-150x150.jpg"},{"@type":"BreadcrumbList","@id":"http:\/\/www.mariabueno.org\/indextemp.php\/brasil-open-sao-paulo-3-march-2014\/#breadcrumb","itemListElement":[{"@type":"ListItem","position":1,"name":"Home","item":"http:\/\/www.mariabueno.org\/indextemp.php\/"},{"@type":"ListItem","position":2,"name":"BRASIL OPEN"}]},{"@type":"WebSite","@id":"http:\/\/www.mariabueno.org\/indextemp.php\/#website","url":"http:\/\/www.mariabueno.org\/indextemp.php\/","name":"Maria Esther Bueno","description":"Legendary Tennis Champion","potentialAction":[{"@type":"SearchAction","target":{"@type":"EntryPoint","urlTemplate":"http:\/\/www.mariabueno.org\/indextemp.php\/?s={search_term_string}"},"query-input":{"@type":"PropertyValueSpecification","valueRequired":true,"valueName":"search_term_string"}}],"inLanguage":"en-GB"},{"@type":"Person","@id":"http:\/\/www.mariabueno.org\/indextemp.php\/#\/schema\/person\/bba527f44c7235399d1c649b72392bb0","name":"admin","url":"http:\/\/www.mariabueno.org\/indextemp.php\/author\/admin\/"}]}},"_links":{"self":[{"href":"http:\/\/www.mariabueno.org\/indextemp.php\/wp-json\/wp\/v2\/posts\/153","targetHints":{"allow":["GET"]}}],"collection":[{"href":"http:\/\/www.mariabueno.org\/indextemp.php\/wp-json\/wp\/v2\/posts"}],"about":[{"href":"http:\/\/www.mariabueno.org\/indextemp.php\/wp-json\/wp\/v2\/types\/post"}],"author":[{"embeddable":true,"href":"http:\/\/www.mariabueno.org\/indextemp.php\/wp-json\/wp\/v2\/users\/1"}],"replies":[{"embeddable":true,"href":"http:\/\/www.mariabueno.org\/indextemp.php\/wp-json\/wp\/v2\/comments?post=153"}],"version-history":[{"count":7,"href":"http:\/\/www.mariabueno.org\/indextemp.php\/wp-json\/wp\/v2\/posts\/153\/revisions"}],"predecessor-version":[{"id":450,"href":"http:\/\/www.mariabueno.org\/indextemp.php\/wp-json\/wp\/v2\/posts\/153\/revisions\/450"}],"wp:attachment":[{"href":"http:\/\/www.mariabueno.org\/indextemp.php\/wp-json\/wp\/v2\/media?parent=153"}],"wp:term":[{"taxonomy":"category","embeddable":true,"href":"http:\/\/www.mariabueno.org\/indextemp.php\/wp-json\/wp\/v2\/categories?post=153"},{"taxonomy":"post_tag","embeddable":true,"href":"http:\/\/www.mariabueno.org\/indextemp.php\/wp-json\/wp\/v2\/tags?post=153"}],"curies":[{"name":"wp","href":"https:\/\/api.w.org\/{rel}","templated":true}]}}